{"id":7956,"date":"2026-09-04T14:05:25","date_gmt":"2026-09-04T11:05:25","guid":{"rendered":"https:\/\/lostinmusic.fi\/?p=7956"},"modified":"2026-09-04T14:05:25","modified_gmt":"2026-09-04T11:05:25","slug":"aivan-ihana-yleiso-ja-tunnelma-ja-mekin-olimme-ihan-hyvia-haastattelussa-saarisalo","status":"publish","type":"post","link":"https:\/\/lostinmusic.fi\/fi\/aivan-ihana-yleiso-ja-tunnelma-ja-mekin-olimme-ihan-hyvia-haastattelussa-saarisalo\/","title":{"rendered":"Aivan ihana yleis\u00f6 ja tunnelma ja mekin olimme ihan hyvi\u00e4! &#8211; Haastattelussa Saarisalo"},"content":{"rendered":"<p><span style=\"font-weight: 400;\">Lost In Nostinissa vuorossa t\u00e4ll\u00e4 kertaa ihana Saarisalo!\u00a0<\/span><\/p>\n<p>&nbsp;<\/p>\n<p><span style=\"font-weight: 400;\">Kuka oot ja mit\u00e4 teet?<\/span><\/p>\n<p><i><span style=\"font-weight: 400;\">&#8211; Hei, olen Saarisalo ja olen artisti ja musiikintekij\u00e4 ja teen t\u00e4llaista suomenkielist\u00e4 teatraalista pop-rockia.<\/span><\/i><\/p>\n<p>&nbsp;<\/p>\n<p><span style=\"font-weight: 400;\">Mik\u00e4 on lempi keikkamuisto?\u00a0<\/span><i><\/i><\/p>\n<p><i><span style=\"font-weight: 400;\">&#8211; Niit\u00e4 on hirve\u00e4n monia, joten on tosi hankala oikeastaan valita, mutta nyt ehk\u00e4 p\u00e4\u00e4llimm\u00e4isen\u00e4 tuli mieleen kev\u00e4\u00e4ll\u00e4 kun oltiin l\u00e4mpp\u00e4\u00e4 Ursus Factorya tuolla Lutakossa, niin siell\u00e4 oli kyll\u00e4 aivan ihana yleis\u00f6 ja tunnelma ja mekin olimme ihan hyvi\u00e4!<\/span><\/i><\/p>\n<p>&nbsp;<\/p>\n<p><span style=\"font-weight: 400;\">Mik\u00e4 oli sinun lapsuuden unelma-ammatti?\u00a0<\/span><i><\/i><\/p>\n<p><i><span style=\"font-weight: 400;\">&#8211; Kukkien ker\u00e4\u00e4j\u00e4 oli t\u00e4mm\u00f6nen, ett\u00e4 mik\u00e4 halusin olla, mutta heti, kun oli niinku tietoa siit\u00e4, ett\u00e4 muusikkous voi olla vaihtoehto el\u00e4m\u00e4ss\u00e4, niin kyll\u00e4 se laulaja oli se ykk\u00f6svaihtoehto. En kyll\u00e4 kuvitellut, ett\u00e4 musta tulisi lauluntekij\u00e4, mutta se menikin sitten ykk\u00f6seksi!<\/span><\/i><\/p>\n<p>&nbsp;<\/p>\n<p><span style=\"font-weight: 400;\">T\u00e4m\u00e4n vuoden Lost In Music artisteista Saarisalo haluaa itse n\u00e4hd\u00e4 Jatta Rahmelin ja keijun. <\/span><i><span style=\"font-weight: 400;\">\u201cNiit\u00e4 odotan kovasti!\u201d\u00a0<\/span><\/i><\/p>\n<p>&nbsp;<\/p>\n<p><span style=\"font-weight: 400;\">Miss\u00e4 ja milloin esiinnyt Lost In Musicissa?<\/span><i><\/i><\/p>\n<p><i><span style=\"font-weight: 400;\">&#8211; 1.10. Bar O\u2019Connell\u2019s. Tulkaa sinne!<\/span><\/i><\/p>\n<p>&nbsp;<\/p>\n<p><span style=\"font-weight: 400;\">Terveiset Lost In Music -k\u00e4vij\u00f6ille:\u00a0<\/span><i><\/i><\/p>\n<p><i><span style=\"font-weight: 400;\">&#8211; Oikein kivaa festaria ja jos n\u00e4hd\u00e4\u00e4n, niin moikkaillaan!<\/span><\/i><\/p>\n<p>&nbsp;<\/p>\n<p><span style=\"font-weight: 400;\">Saarisalo esiintyy Lost In Musicissa O\u2019Connell\u2019sissa torstaina 1.10. Liput Lost In Musiciin myynniss\u00e4 osoitteessa: <\/span><a href=\"https:\/\/lostinmusic.fi\/fi\/liput\/\"><span style=\"font-weight: 400;\">lostinmusic.fi\/liput<\/span><\/a><\/p>\n<p>&nbsp;<\/p>\n<p><a href=\"https:\/\/www.instagram.com\/reel\/DciVkSDKxLL\/?utm_source=ig_web_copy_link&amp;igsi=MzRlODBiNWFlZA==\"><span style=\"font-weight: 400;\">Katso videohaastattelu t\u00e4st\u00e4!<\/span><\/a><\/p>\n<p><br style=\"font-weight: 400;\" \/><br style=\"font-weight: 400;\" \/><\/p>\n","protected":false},"excerpt":{"rendered":"<p>Lost In Nostinissa vuorossa t\u00e4ll\u00e4 kertaa ihana Saarisalo!\u00a0 &nbsp; Kuka oot ja mit\u00e4 teet? &#8211; Hei, olen Saarisalo ja olen artisti ja musiikintekij\u00e4 ja teen t\u00e4llaista suomenkielist\u00e4 teatraalista pop-rockia. &nbsp; Mik\u00e4 on lempi keikkamuisto?\u00a0 &#8211; Niit\u00e4 on hirve\u00e4n monia, joten on tosi hankala oikeastaan valita, mutta nyt ehk\u00e4 p\u00e4\u00e4llimm\u00e4isen\u00e4 tuli mieleen kev\u00e4\u00e4ll\u00e4 kun oltiin l\u00e4mpp\u00e4\u00e4 [&hellip;]<\/p>\n","protected":false},"author":29,"featured_media":7957,"comment_status":"closed","ping_status":"closed","sticky":false,"template":"","format":"standard","meta":{"_acf_changed":false,"footnotes":""},"categories":[1],"tags":[],"class_list":["post-7956","post","type-post","status-publish","format-standard","has-post-thumbnail","hentry","category-uutinen"],"acf":[],"yoast_head":"<!-- This site is optimized with the Yoast SEO plugin v23.2 - https:\/\/yoast.com\/wordpress\/plugins\/seo\/ -->\n<title>Aivan ihana yleis\u00f6 ja tunnelma ja mekin olimme ihan hyvi\u00e4! - Haastattelussa Saarisalo - Lost In Music - Festivaali<\/title>\n<meta name=\"robots\" content=\"index, follow, max-snippet:-1, max-image-preview:large, max-video-preview:-1\" \/>\n<link rel=\"canonical\" href=\"https:\/\/lostinmusic.fi\/fi\/aivan-ihana-yleiso-ja-tunnelma-ja-mekin-olimme-ihan-hyvia-haastattelussa-saarisalo\/\" \/>\n<meta property=\"og:locale\" content=\"fi_FI\" \/>\n<meta property=\"og:type\" content=\"article\" \/>\n<meta property=\"og:title\" content=\"Aivan ihana yleis\u00f6 ja tunnelma ja mekin olimme ihan hyvi\u00e4! - Haastattelussa Saarisalo - Lost In Music - Festivaali\" \/>\n<meta property=\"og:description\" content=\"Lost In Nostinissa vuorossa t\u00e4ll\u00e4 kertaa ihana Saarisalo!\u00a0 &nbsp; Kuka oot ja mit\u00e4 teet? &#8211; Hei, olen Saarisalo ja olen artisti ja musiikintekij\u00e4 ja teen t\u00e4llaista suomenkielist\u00e4 teatraalista pop-rockia. &nbsp; Mik\u00e4 on lempi keikkamuisto?\u00a0 &#8211; Niit\u00e4 on hirve\u00e4n monia, joten on tosi hankala oikeastaan valita, mutta nyt ehk\u00e4 p\u00e4\u00e4llimm\u00e4isen\u00e4 tuli mieleen kev\u00e4\u00e4ll\u00e4 kun oltiin l\u00e4mpp\u00e4\u00e4 [&hellip;]\" \/>\n<meta property=\"og:url\" content=\"https:\/\/lostinmusic.fi\/fi\/aivan-ihana-yleiso-ja-tunnelma-ja-mekin-olimme-ihan-hyvia-haastattelussa-saarisalo\/\" \/>\n<meta property=\"og:site_name\" content=\"Lost In Music - Festivaali\" \/>\n<meta property=\"article:published_time\" content=\"2026-09-04T11:05:25+00:00\" \/>\n<meta property=\"og:image\" content=\"https:\/\/lostinmusic.fi\/wp-content\/uploads\/2026\/09\/lim-3-scaled.jpg\" \/>\n\t<meta property=\"og:image:width\" content=\"2560\" \/>\n\t<meta property=\"og:image:height\" content=\"1707\" \/>\n\t<meta property=\"og:image:type\" content=\"image\/jpeg\" \/>\n<meta name=\"author\" content=\"Laura Luga\" \/>\n<meta name=\"twitter:card\" content=\"summary_large_image\" \/>\n<meta name=\"twitter:label1\" content=\"Kirjoittanut\" \/>\n\t<meta name=\"twitter:data1\" content=\"Laura Luga\" \/>\n\t<meta name=\"twitter:label2\" content=\"Arvioitu lukuaika\" \/>\n\t<meta name=\"twitter:data2\" content=\"1 minuutti\" \/>\n<script type=\"application\/ld+json\" class=\"yoast-schema-graph\">{\"@context\":\"https:\/\/schema.org\",\"@graph\":[{\"@type\":\"WebPage\",\"@id\":\"https:\/\/lostinmusic.fi\/aivan-ihana-yleiso-ja-tunnelma-ja-mekin-olimme-ihan-hyvia-haastattelussa-saarisalo\/\",\"url\":\"https:\/\/lostinmusic.fi\/aivan-ihana-yleiso-ja-tunnelma-ja-mekin-olimme-ihan-hyvia-haastattelussa-saarisalo\/\",\"name\":\"Aivan ihana yleis\u00f6 ja tunnelma ja mekin olimme ihan hyvi\u00e4! - Haastattelussa Saarisalo - Lost In Music - Festivaali\",\"isPartOf\":{\"@id\":\"https:\/\/lostinmusic.fi\/en\/#website\"},\"primaryImageOfPage\":{\"@id\":\"https:\/\/lostinmusic.fi\/aivan-ihana-yleiso-ja-tunnelma-ja-mekin-olimme-ihan-hyvia-haastattelussa-saarisalo\/#primaryimage\"},\"image\":{\"@id\":\"https:\/\/lostinmusic.fi\/aivan-ihana-yleiso-ja-tunnelma-ja-mekin-olimme-ihan-hyvia-haastattelussa-saarisalo\/#primaryimage\"},\"thumbnailUrl\":\"https:\/\/lostinmusic.fi\/wp-content\/uploads\/2026\/09\/lim-3-scaled.jpg\",\"datePublished\":\"2026-09-04T11:05:25+00:00\",\"dateModified\":\"2026-09-04T11:05:25+00:00\",\"author\":{\"@id\":\"https:\/\/lostinmusic.fi\/en\/#\/schema\/person\/5166c2c225c3dd82c04b5011991016a2\"},\"breadcrumb\":{\"@id\":\"https:\/\/lostinmusic.fi\/aivan-ihana-yleiso-ja-tunnelma-ja-mekin-olimme-ihan-hyvia-haastattelussa-saarisalo\/#breadcrumb\"},\"inLanguage\":\"fi\",\"potentialAction\":[{\"@type\":\"ReadAction\",\"target\":[\"https:\/\/lostinmusic.fi\/aivan-ihana-yleiso-ja-tunnelma-ja-mekin-olimme-ihan-hyvia-haastattelussa-saarisalo\/\"]}]},{\"@type\":\"ImageObject\",\"inLanguage\":\"fi\",\"@id\":\"https:\/\/lostinmusic.fi\/aivan-ihana-yleiso-ja-tunnelma-ja-mekin-olimme-ihan-hyvia-haastattelussa-saarisalo\/#primaryimage\",\"url\":\"https:\/\/lostinmusic.fi\/wp-content\/uploads\/2026\/09\/lim-3-scaled.jpg\",\"contentUrl\":\"https:\/\/lostinmusic.fi\/wp-content\/uploads\/2026\/09\/lim-3-scaled.jpg\",\"width\":2560,\"height\":1707},{\"@type\":\"BreadcrumbList\",\"@id\":\"https:\/\/lostinmusic.fi\/aivan-ihana-yleiso-ja-tunnelma-ja-mekin-olimme-ihan-hyvia-haastattelussa-saarisalo\/#breadcrumb\",\"itemListElement\":[{\"@type\":\"ListItem\",\"position\":1,\"name\":\"Home\",\"item\":\"https:\/\/lostinmusic.fi\/\"},{\"@type\":\"ListItem\",\"position\":2,\"name\":\"Aivan ihana yleis\u00f6 ja tunnelma ja mekin olimme ihan hyvi\u00e4! &#8211; Haastattelussa Saarisalo\"}]},{\"@type\":\"WebSite\",\"@id\":\"https:\/\/lostinmusic.fi\/en\/#website\",\"url\":\"https:\/\/lostinmusic.fi\/en\/\",\"name\":\"Lost In Music - Festivaali\",\"description\":\"Suomen suurin showcase-festivaali Tampereella 25.-26.9.2025.\",\"potentialAction\":[{\"@type\":\"SearchAction\",\"target\":{\"@type\":\"EntryPoint\",\"urlTemplate\":\"https:\/\/lostinmusic.fi\/en\/?s={search_term_string}\"},\"query-input\":\"required name=search_term_string\"}],\"inLanguage\":\"fi\"},{\"@type\":\"Person\",\"@id\":\"https:\/\/lostinmusic.fi\/en\/#\/schema\/person\/5166c2c225c3dd82c04b5011991016a2\",\"name\":\"Laura Luga\",\"url\":\"https:\/\/lostinmusic.fi\/fi\/author\/lugalaura2002gmail-com\/\"}]}<\/script>\n<!-- \/ Yoast SEO plugin. -->","yoast_head_json":{"title":"Aivan ihana yleis\u00f6 ja tunnelma ja mekin olimme ihan hyvi\u00e4! - Haastattelussa Saarisalo - Lost In Music - Festivaali","robots":{"index":"index","follow":"follow","max-snippet":"max-snippet:-1","max-image-preview":"max-image-preview:large","max-video-preview":"max-video-preview:-1"},"canonical":"https:\/\/lostinmusic.fi\/fi\/aivan-ihana-yleiso-ja-tunnelma-ja-mekin-olimme-ihan-hyvia-haastattelussa-saarisalo\/","og_locale":"fi_FI","og_type":"article","og_title":"Aivan ihana yleis\u00f6 ja tunnelma ja mekin olimme ihan hyvi\u00e4! - Haastattelussa Saarisalo - Lost In Music - Festivaali","og_description":"Lost In Nostinissa vuorossa t\u00e4ll\u00e4 kertaa ihana Saarisalo!\u00a0 &nbsp; Kuka oot ja mit\u00e4 teet? &#8211; Hei, olen Saarisalo ja olen artisti ja musiikintekij\u00e4 ja teen t\u00e4llaista suomenkielist\u00e4 teatraalista pop-rockia. &nbsp; Mik\u00e4 on lempi keikkamuisto?\u00a0 &#8211; Niit\u00e4 on hirve\u00e4n monia, joten on tosi hankala oikeastaan valita, mutta nyt ehk\u00e4 p\u00e4\u00e4llimm\u00e4isen\u00e4 tuli mieleen kev\u00e4\u00e4ll\u00e4 kun oltiin l\u00e4mpp\u00e4\u00e4 [&hellip;]","og_url":"https:\/\/lostinmusic.fi\/fi\/aivan-ihana-yleiso-ja-tunnelma-ja-mekin-olimme-ihan-hyvia-haastattelussa-saarisalo\/","og_site_name":"Lost In Music - Festivaali","article_published_time":"2026-09-04T11:05:25+00:00","og_image":[{"width":2560,"height":1707,"url":"https:\/\/lostinmusic.fi\/wp-content\/uploads\/2026\/09\/lim-3-scaled.jpg","type":"image\/jpeg"}],"author":"Laura Luga","twitter_card":"summary_large_image","twitter_misc":{"Kirjoittanut":"Laura Luga","Arvioitu lukuaika":"1 minuutti"},"schema":{"@context":"https:\/\/schema.org","@graph":[{"@type":"WebPage","@id":"https:\/\/lostinmusic.fi\/aivan-ihana-yleiso-ja-tunnelma-ja-mekin-olimme-ihan-hyvia-haastattelussa-saarisalo\/","url":"https:\/\/lostinmusic.fi\/aivan-ihana-yleiso-ja-tunnelma-ja-mekin-olimme-ihan-hyvia-haastattelussa-saarisalo\/","name":"Aivan ihana yleis\u00f6 ja tunnelma ja mekin olimme ihan hyvi\u00e4! - Haastattelussa Saarisalo - Lost In Music - Festivaali","isPartOf":{"@id":"https:\/\/lostinmusic.fi\/en\/#website"},"primaryImageOfPage":{"@id":"https:\/\/lostinmusic.fi\/aivan-ihana-yleiso-ja-tunnelma-ja-mekin-olimme-ihan-hyvia-haastattelussa-saarisalo\/#primaryimage"},"image":{"@id":"https:\/\/lostinmusic.fi\/aivan-ihana-yleiso-ja-tunnelma-ja-mekin-olimme-ihan-hyvia-haastattelussa-saarisalo\/#primaryimage"},"thumbnailUrl":"https:\/\/lostinmusic.fi\/wp-content\/uploads\/2026\/09\/lim-3-scaled.jpg","datePublished":"2026-09-04T11:05:25+00:00","dateModified":"2026-09-04T11:05:25+00:00","author":{"@id":"https:\/\/lostinmusic.fi\/en\/#\/schema\/person\/5166c2c225c3dd82c04b5011991016a2"},"breadcrumb":{"@id":"https:\/\/lostinmusic.fi\/aivan-ihana-yleiso-ja-tunnelma-ja-mekin-olimme-ihan-hyvia-haastattelussa-saarisalo\/#breadcrumb"},"inLanguage":"fi","potentialAction":[{"@type":"ReadAction","target":["https:\/\/lostinmusic.fi\/aivan-ihana-yleiso-ja-tunnelma-ja-mekin-olimme-ihan-hyvia-haastattelussa-saarisalo\/"]}]},{"@type":"ImageObject","inLanguage":"fi","@id":"https:\/\/lostinmusic.fi\/aivan-ihana-yleiso-ja-tunnelma-ja-mekin-olimme-ihan-hyvia-haastattelussa-saarisalo\/#primaryimage","url":"https:\/\/lostinmusic.fi\/wp-content\/uploads\/2026\/09\/lim-3-scaled.jpg","contentUrl":"https:\/\/lostinmusic.fi\/wp-content\/uploads\/2026\/09\/lim-3-scaled.jpg","width":2560,"height":1707},{"@type":"BreadcrumbList","@id":"https:\/\/lostinmusic.fi\/aivan-ihana-yleiso-ja-tunnelma-ja-mekin-olimme-ihan-hyvia-haastattelussa-saarisalo\/#breadcrumb","itemListElement":[{"@type":"ListItem","position":1,"name":"Home","item":"https:\/\/lostinmusic.fi\/"},{"@type":"ListItem","position":2,"name":"Aivan ihana yleis\u00f6 ja tunnelma ja mekin olimme ihan hyvi\u00e4! &#8211; Haastattelussa Saarisalo"}]},{"@type":"WebSite","@id":"https:\/\/lostinmusic.fi\/en\/#website","url":"https:\/\/lostinmusic.fi\/en\/","name":"Lost In Music - Festivaali","description":"Suomen suurin showcase-festivaali Tampereella 25.-26.9.2025.","potentialAction":[{"@type":"SearchAction","target":{"@type":"EntryPoint","urlTemplate":"https:\/\/lostinmusic.fi\/en\/?s={search_term_string}"},"query-input":"required name=search_term_string"}],"inLanguage":"fi"},{"@type":"Person","@id":"https:\/\/lostinmusic.fi\/en\/#\/schema\/person\/5166c2c225c3dd82c04b5011991016a2","name":"Laura Luga","url":"https:\/\/lostinmusic.fi\/fi\/author\/lugalaura2002gmail-com\/"}]}},"_links":{"self":[{"href":"https:\/\/lostinmusic.fi\/fi\/wp-json\/wp\/v2\/posts\/7956"}],"collection":[{"href":"https:\/\/lostinmusic.fi\/fi\/wp-json\/wp\/v2\/posts"}],"about":[{"href":"https:\/\/lostinmusic.fi\/fi\/wp-json\/wp\/v2\/types\/post"}],"author":[{"embeddable":true,"href":"https:\/\/lostinmusic.fi\/fi\/wp-json\/wp\/v2\/users\/29"}],"replies":[{"embeddable":true,"href":"https:\/\/lostinmusic.fi\/fi\/wp-json\/wp\/v2\/comments?post=7956"}],"version-history":[{"count":2,"href":"https:\/\/lostinmusic.fi\/fi\/wp-json\/wp\/v2\/posts\/7956\/revisions"}],"predecessor-version":[{"id":7959,"href":"https:\/\/lostinmusic.fi\/fi\/wp-json\/wp\/v2\/posts\/7956\/revisions\/7959"}],"wp:featuredmedia":[{"embeddable":true,"href":"https:\/\/lostinmusic.fi\/fi\/wp-json\/wp\/v2\/media\/7957"}],"wp:attachment":[{"href":"https:\/\/lostinmusic.fi\/fi\/wp-json\/wp\/v2\/media?parent=7956"}],"wp:term":[{"taxonomy":"category","embeddable":true,"href":"https:\/\/lostinmusic.fi\/fi\/wp-json\/wp\/v2\/categories?post=7956"},{"taxonomy":"post_tag","embeddable":true,"href":"https:\/\/lostinmusic.fi\/fi\/wp-json\/wp\/v2\/tags?post=7956"}],"curies":[{"name":"wp","href":"https:\/\/api.w.org\/{rel}","templated":true}]}}