{"id":7961,"date":"2026-09-04T14:11:27","date_gmt":"2026-09-04T11:11:27","guid":{"rendered":"https:\/\/lostinmusic.fi\/?p=7961"},"modified":"2026-09-04T14:11:27","modified_gmt":"2026-09-04T11:11:27","slug":"itketaan-yhdessa-haastattelussa-fibi","status":"publish","type":"post","link":"https:\/\/lostinmusic.fi\/fi\/itketaan-yhdessa-haastattelussa-fibi\/","title":{"rendered":"Itket\u00e4\u00e4n yhdess\u00e4! &#8211; Haastattelussa fibi"},"content":{"rendered":"<p><span style=\"font-weight: 400;\">Lost In Nostinin viides artisti on laulaja-lauluntekij\u00e4 fibi!\u00a0<\/span><\/p>\n<p>&nbsp;<\/p>\n<p><span style=\"font-weight: 400;\">Kuka oot ja mit\u00e4 teet?<\/span><\/p>\n<p><i><span style=\"font-weight: 400;\">&#8211; M\u00e4 oon fibi ja m\u00e4 teen herkk\u00e4\u00e4 pop-musaa, joka koskettaa, toivottavasti.<\/span><\/i><\/p>\n<p>&nbsp;<\/p>\n<p><span style=\"font-weight: 400;\">Mink\u00e4lainen on sun keikkap\u00e4iv\u00e4n aamurutiini?\u00a0<\/span><\/p>\n<p><i><span style=\"font-weight: 400;\">&#8211; Mun keikkap\u00e4iv\u00e4n aamurutiini on semmoinen, ett\u00e4 m\u00e4 her\u00e4\u00e4n siihen, ett\u00e4 m\u00e4 oon varmaan n\u00e4hnyt koko y\u00f6n unta siit\u00e4 seuraavasta keikasta ja sit kaikki menee niinku pieleen siin\u00e4 unessa, joten sit se on niinku alta pois, joka on tosi hyv\u00e4. Ja sitten m\u00e4 yrit\u00e4n vaan pit\u00e4\u00e4 semmoisen chillin fiiliksen ja juoda kahvin ja sy\u00f6d\u00e4 hyv\u00e4n aamupalan ja kuunnella surullista musiikkia, koska se jostain syyst\u00e4 tekee mut iloiseksi.<\/span><\/i><\/p>\n<p>&nbsp;<\/p>\n<p><span style=\"font-weight: 400;\">Mit\u00e4 on luvassa fibin l\u00e4hitulevaisuudessa?\u00a0<\/span><\/p>\n<p><i><span style=\"font-weight: 400;\">&#8211; Oikeasti m\u00e4 jotenkin ved\u00e4n aina kaiken silleen tosi fiiliksell\u00e4, et m\u00e4 oon ollut nyt super iloinen niinku keikkailusta, jotenkin se tuntuu aina joka keikan j\u00e4lkeen silt\u00e4, ett\u00e4 on jotenkin enemm\u00e4n kotonaan. Niin m\u00e4 oon siit\u00e4 tosi iloinen, eli odotan keikkoja ja sitten uutta musaa!<\/span><\/i><\/p>\n<p>&nbsp;<\/p>\n<p><span style=\"font-weight: 400;\">Kenet Lost In Music -artisteista haluaisit itse n\u00e4hd\u00e4 t\u00e4n\u00e4 vuonna?\u00a0<\/span><\/p>\n<p><i><span style=\"font-weight: 400;\">&#8211; Ah, siell\u00e4 on niin paljon kaikkia upeita tyyppej\u00e4 tulossa. No m\u00e4 sanon Efka Crush, koska se on ihana tyyppi ja meill\u00e4 oli Siltasessa yhteiskeikka, niin se oli kivaa!<\/span><\/i><\/p>\n<p>&nbsp;<\/p>\n<p><span style=\"font-weight: 400;\">Miss\u00e4 ja milloin esiinnyt itse Lost In Musicissa?\u00a0<\/span><\/p>\n<p><i><span style=\"font-weight: 400;\">&#8211; Mun keikka Lost In Musicissa on 1.10. torstaina ja se on Telakassa Uudet Soundit by Teosto -illassa.<\/span><\/i><\/p>\n<p><i><\/i><\/p>\n<p><span style=\"font-weight: 400;\">Terveiset Lost In Music -k\u00e4vij\u00f6ille:\u00a0<\/span><\/p>\n<p><i><span style=\"font-weight: 400;\">&#8211; M\u00e4 haluan l\u00e4hett\u00e4\u00e4 terveisi\u00e4 Lost In Musicin seuraajille ja sanoa, ett\u00e4 on tulossa ihan sairaan upea festari, ja ihan sika ihanaa, ett\u00e4 olette tulossa, ja m\u00e4 odotan niin paljon, ett\u00e4 m\u00e4 n\u00e4\u00e4n teid\u00e4t ja tulee niin kivaa ja upea keikka ja itket\u00e4\u00e4n yhdess\u00e4.<\/span><\/i><\/p>\n<p>&nbsp;<\/p>\n<p><span style=\"font-weight: 400;\">Saarisalo esiintyy Lost In Musicissa Telakalla torstaina 1.10. Liput Lost In Musiciin myynniss\u00e4 osoitteessa: <\/span><a href=\"https:\/\/lostinmusic.fi\/fi\/liput\/\"><span style=\"font-weight: 400;\">lostinmusic.fi\/liput<\/span><\/a><\/p>\n<p>&nbsp;<\/p>\n<p><a href=\"https:\/\/www.instagram.com\/reel\/Dc0hEWBqJUX\/?utm_source=ig_web_copy_link&amp;igsi=MzRlODBiNWFlZA==\"><span style=\"font-weight: 400;\">Katso videohaastattelu t\u00e4st\u00e4!<\/span><\/a><\/p>\n<p><br style=\"font-weight: 400;\" \/><br style=\"font-weight: 400;\" \/><\/p>\n","protected":false},"excerpt":{"rendered":"<p>Lost In Nostinin viides artisti on laulaja-lauluntekij\u00e4 fibi!\u00a0 &nbsp; Kuka oot ja mit\u00e4 teet? &#8211; M\u00e4 oon fibi ja m\u00e4 teen herkk\u00e4\u00e4 pop-musaa, joka koskettaa, toivottavasti. &nbsp; Mink\u00e4lainen on sun keikkap\u00e4iv\u00e4n aamurutiini?\u00a0 &#8211; Mun keikkap\u00e4iv\u00e4n aamurutiini on semmoinen, ett\u00e4 m\u00e4 her\u00e4\u00e4n siihen, ett\u00e4 m\u00e4 oon varmaan n\u00e4hnyt koko y\u00f6n unta siit\u00e4 seuraavasta keikasta ja sit [&hellip;]<\/p>\n","protected":false},"author":29,"featured_media":7962,"comment_status":"closed","ping_status":"closed","sticky":false,"template":"","format":"standard","meta":{"_acf_changed":false,"footnotes":""},"categories":[1],"tags":[],"class_list":["post-7961","post","type-post","status-publish","format-standard","has-post-thumbnail","hentry","category-uutinen"],"acf":[],"yoast_head":"<!-- This site is optimized with the Yoast SEO plugin v23.2 - https:\/\/yoast.com\/wordpress\/plugins\/seo\/ -->\n<title>Itket\u00e4\u00e4n yhdess\u00e4! - Haastattelussa fibi - Lost In Music - Festivaali<\/title>\n<meta name=\"robots\" content=\"index, follow, max-snippet:-1, max-image-preview:large, max-video-preview:-1\" \/>\n<link rel=\"canonical\" href=\"https:\/\/lostinmusic.fi\/fi\/itketaan-yhdessa-haastattelussa-fibi\/\" \/>\n<meta property=\"og:locale\" content=\"fi_FI\" \/>\n<meta property=\"og:type\" content=\"article\" \/>\n<meta property=\"og:title\" content=\"Itket\u00e4\u00e4n yhdess\u00e4! - Haastattelussa fibi - Lost In Music - Festivaali\" \/>\n<meta property=\"og:description\" content=\"Lost In Nostinin viides artisti on laulaja-lauluntekij\u00e4 fibi!\u00a0 &nbsp; Kuka oot ja mit\u00e4 teet? &#8211; M\u00e4 oon fibi ja m\u00e4 teen herkk\u00e4\u00e4 pop-musaa, joka koskettaa, toivottavasti. &nbsp; Mink\u00e4lainen on sun keikkap\u00e4iv\u00e4n aamurutiini?\u00a0 &#8211; Mun keikkap\u00e4iv\u00e4n aamurutiini on semmoinen, ett\u00e4 m\u00e4 her\u00e4\u00e4n siihen, ett\u00e4 m\u00e4 oon varmaan n\u00e4hnyt koko y\u00f6n unta siit\u00e4 seuraavasta keikasta ja sit [&hellip;]\" \/>\n<meta property=\"og:url\" content=\"https:\/\/lostinmusic.fi\/fi\/itketaan-yhdessa-haastattelussa-fibi\/\" \/>\n<meta property=\"og:site_name\" content=\"Lost In Music - Festivaali\" \/>\n<meta property=\"article:published_time\" content=\"2026-09-04T11:11:27+00:00\" \/>\n<meta property=\"og:image\" content=\"https:\/\/lostinmusic.fi\/wp-content\/uploads\/2026\/09\/IMG_0802.jpg\" \/>\n\t<meta property=\"og:image:width\" content=\"2048\" \/>\n\t<meta property=\"og:image:height\" content=\"1536\" \/>\n\t<meta property=\"og:image:type\" content=\"image\/jpeg\" \/>\n<meta name=\"author\" content=\"Laura Luga\" \/>\n<meta name=\"twitter:card\" content=\"summary_large_image\" \/>\n<meta name=\"twitter:label1\" content=\"Kirjoittanut\" \/>\n\t<meta name=\"twitter:data1\" content=\"Laura Luga\" \/>\n\t<meta name=\"twitter:label2\" content=\"Arvioitu lukuaika\" \/>\n\t<meta name=\"twitter:data2\" content=\"2 minuuttia\" \/>\n<script type=\"application\/ld+json\" class=\"yoast-schema-graph\">{\"@context\":\"https:\/\/schema.org\",\"@graph\":[{\"@type\":\"WebPage\",\"@id\":\"https:\/\/lostinmusic.fi\/itketaan-yhdessa-haastattelussa-fibi\/\",\"url\":\"https:\/\/lostinmusic.fi\/itketaan-yhdessa-haastattelussa-fibi\/\",\"name\":\"Itket\u00e4\u00e4n yhdess\u00e4! - Haastattelussa fibi - Lost In Music - Festivaali\",\"isPartOf\":{\"@id\":\"https:\/\/lostinmusic.fi\/en\/#website\"},\"primaryImageOfPage\":{\"@id\":\"https:\/\/lostinmusic.fi\/itketaan-yhdessa-haastattelussa-fibi\/#primaryimage\"},\"image\":{\"@id\":\"https:\/\/lostinmusic.fi\/itketaan-yhdessa-haastattelussa-fibi\/#primaryimage\"},\"thumbnailUrl\":\"https:\/\/lostinmusic.fi\/wp-content\/uploads\/2026\/09\/IMG_0802.jpg\",\"datePublished\":\"2026-09-04T11:11:27+00:00\",\"dateModified\":\"2026-09-04T11:11:27+00:00\",\"author\":{\"@id\":\"https:\/\/lostinmusic.fi\/en\/#\/schema\/person\/5166c2c225c3dd82c04b5011991016a2\"},\"breadcrumb\":{\"@id\":\"https:\/\/lostinmusic.fi\/itketaan-yhdessa-haastattelussa-fibi\/#breadcrumb\"},\"inLanguage\":\"fi\",\"potentialAction\":[{\"@type\":\"ReadAction\",\"target\":[\"https:\/\/lostinmusic.fi\/itketaan-yhdessa-haastattelussa-fibi\/\"]}]},{\"@type\":\"ImageObject\",\"inLanguage\":\"fi\",\"@id\":\"https:\/\/lostinmusic.fi\/itketaan-yhdessa-haastattelussa-fibi\/#primaryimage\",\"url\":\"https:\/\/lostinmusic.fi\/wp-content\/uploads\/2026\/09\/IMG_0802.jpg\",\"contentUrl\":\"https:\/\/lostinmusic.fi\/wp-content\/uploads\/2026\/09\/IMG_0802.jpg\",\"width\":2048,\"height\":1536},{\"@type\":\"BreadcrumbList\",\"@id\":\"https:\/\/lostinmusic.fi\/itketaan-yhdessa-haastattelussa-fibi\/#breadcrumb\",\"itemListElement\":[{\"@type\":\"ListItem\",\"position\":1,\"name\":\"Home\",\"item\":\"https:\/\/lostinmusic.fi\/\"},{\"@type\":\"ListItem\",\"position\":2,\"name\":\"Itket\u00e4\u00e4n yhdess\u00e4! &#8211; Haastattelussa fibi\"}]},{\"@type\":\"WebSite\",\"@id\":\"https:\/\/lostinmusic.fi\/en\/#website\",\"url\":\"https:\/\/lostinmusic.fi\/en\/\",\"name\":\"Lost In Music - Festivaali\",\"description\":\"Suomen suurin showcase-festivaali Tampereella 25.-26.9.2025.\",\"potentialAction\":[{\"@type\":\"SearchAction\",\"target\":{\"@type\":\"EntryPoint\",\"urlTemplate\":\"https:\/\/lostinmusic.fi\/en\/?s={search_term_string}\"},\"query-input\":\"required name=search_term_string\"}],\"inLanguage\":\"fi\"},{\"@type\":\"Person\",\"@id\":\"https:\/\/lostinmusic.fi\/en\/#\/schema\/person\/5166c2c225c3dd82c04b5011991016a2\",\"name\":\"Laura Luga\",\"url\":\"https:\/\/lostinmusic.fi\/fi\/author\/lugalaura2002gmail-com\/\"}]}<\/script>\n<!-- \/ Yoast SEO plugin. -->","yoast_head_json":{"title":"Itket\u00e4\u00e4n yhdess\u00e4! - Haastattelussa fibi - Lost In Music - Festivaali","robots":{"index":"index","follow":"follow","max-snippet":"max-snippet:-1","max-image-preview":"max-image-preview:large","max-video-preview":"max-video-preview:-1"},"canonical":"https:\/\/lostinmusic.fi\/fi\/itketaan-yhdessa-haastattelussa-fibi\/","og_locale":"fi_FI","og_type":"article","og_title":"Itket\u00e4\u00e4n yhdess\u00e4! - Haastattelussa fibi - Lost In Music - Festivaali","og_description":"Lost In Nostinin viides artisti on laulaja-lauluntekij\u00e4 fibi!\u00a0 &nbsp; Kuka oot ja mit\u00e4 teet? &#8211; M\u00e4 oon fibi ja m\u00e4 teen herkk\u00e4\u00e4 pop-musaa, joka koskettaa, toivottavasti. &nbsp; Mink\u00e4lainen on sun keikkap\u00e4iv\u00e4n aamurutiini?\u00a0 &#8211; Mun keikkap\u00e4iv\u00e4n aamurutiini on semmoinen, ett\u00e4 m\u00e4 her\u00e4\u00e4n siihen, ett\u00e4 m\u00e4 oon varmaan n\u00e4hnyt koko y\u00f6n unta siit\u00e4 seuraavasta keikasta ja sit [&hellip;]","og_url":"https:\/\/lostinmusic.fi\/fi\/itketaan-yhdessa-haastattelussa-fibi\/","og_site_name":"Lost In Music - Festivaali","article_published_time":"2026-09-04T11:11:27+00:00","og_image":[{"width":2048,"height":1536,"url":"https:\/\/lostinmusic.fi\/wp-content\/uploads\/2026\/09\/IMG_0802.jpg","type":"image\/jpeg"}],"author":"Laura Luga","twitter_card":"summary_large_image","twitter_misc":{"Kirjoittanut":"Laura Luga","Arvioitu lukuaika":"2 minuuttia"},"schema":{"@context":"https:\/\/schema.org","@graph":[{"@type":"WebPage","@id":"https:\/\/lostinmusic.fi\/itketaan-yhdessa-haastattelussa-fibi\/","url":"https:\/\/lostinmusic.fi\/itketaan-yhdessa-haastattelussa-fibi\/","name":"Itket\u00e4\u00e4n yhdess\u00e4! - Haastattelussa fibi - Lost In Music - Festivaali","isPartOf":{"@id":"https:\/\/lostinmusic.fi\/en\/#website"},"primaryImageOfPage":{"@id":"https:\/\/lostinmusic.fi\/itketaan-yhdessa-haastattelussa-fibi\/#primaryimage"},"image":{"@id":"https:\/\/lostinmusic.fi\/itketaan-yhdessa-haastattelussa-fibi\/#primaryimage"},"thumbnailUrl":"https:\/\/lostinmusic.fi\/wp-content\/uploads\/2026\/09\/IMG_0802.jpg","datePublished":"2026-09-04T11:11:27+00:00","dateModified":"2026-09-04T11:11:27+00:00","author":{"@id":"https:\/\/lostinmusic.fi\/en\/#\/schema\/person\/5166c2c225c3dd82c04b5011991016a2"},"breadcrumb":{"@id":"https:\/\/lostinmusic.fi\/itketaan-yhdessa-haastattelussa-fibi\/#breadcrumb"},"inLanguage":"fi","potentialAction":[{"@type":"ReadAction","target":["https:\/\/lostinmusic.fi\/itketaan-yhdessa-haastattelussa-fibi\/"]}]},{"@type":"ImageObject","inLanguage":"fi","@id":"https:\/\/lostinmusic.fi\/itketaan-yhdessa-haastattelussa-fibi\/#primaryimage","url":"https:\/\/lostinmusic.fi\/wp-content\/uploads\/2026\/09\/IMG_0802.jpg","contentUrl":"https:\/\/lostinmusic.fi\/wp-content\/uploads\/2026\/09\/IMG_0802.jpg","width":2048,"height":1536},{"@type":"BreadcrumbList","@id":"https:\/\/lostinmusic.fi\/itketaan-yhdessa-haastattelussa-fibi\/#breadcrumb","itemListElement":[{"@type":"ListItem","position":1,"name":"Home","item":"https:\/\/lostinmusic.fi\/"},{"@type":"ListItem","position":2,"name":"Itket\u00e4\u00e4n yhdess\u00e4! &#8211; Haastattelussa fibi"}]},{"@type":"WebSite","@id":"https:\/\/lostinmusic.fi\/en\/#website","url":"https:\/\/lostinmusic.fi\/en\/","name":"Lost In Music - Festivaali","description":"Suomen suurin showcase-festivaali Tampereella 25.-26.9.2025.","potentialAction":[{"@type":"SearchAction","target":{"@type":"EntryPoint","urlTemplate":"https:\/\/lostinmusic.fi\/en\/?s={search_term_string}"},"query-input":"required name=search_term_string"}],"inLanguage":"fi"},{"@type":"Person","@id":"https:\/\/lostinmusic.fi\/en\/#\/schema\/person\/5166c2c225c3dd82c04b5011991016a2","name":"Laura Luga","url":"https:\/\/lostinmusic.fi\/fi\/author\/lugalaura2002gmail-com\/"}]}},"_links":{"self":[{"href":"https:\/\/lostinmusic.fi\/fi\/wp-json\/wp\/v2\/posts\/7961"}],"collection":[{"href":"https:\/\/lostinmusic.fi\/fi\/wp-json\/wp\/v2\/posts"}],"about":[{"href":"https:\/\/lostinmusic.fi\/fi\/wp-json\/wp\/v2\/types\/post"}],"author":[{"embeddable":true,"href":"https:\/\/lostinmusic.fi\/fi\/wp-json\/wp\/v2\/users\/29"}],"replies":[{"embeddable":true,"href":"https:\/\/lostinmusic.fi\/fi\/wp-json\/wp\/v2\/comments?post=7961"}],"version-history":[{"count":1,"href":"https:\/\/lostinmusic.fi\/fi\/wp-json\/wp\/v2\/posts\/7961\/revisions"}],"predecessor-version":[{"id":7963,"href":"https:\/\/lostinmusic.fi\/fi\/wp-json\/wp\/v2\/posts\/7961\/revisions\/7963"}],"wp:featuredmedia":[{"embeddable":true,"href":"https:\/\/lostinmusic.fi\/fi\/wp-json\/wp\/v2\/media\/7962"}],"wp:attachment":[{"href":"https:\/\/lostinmusic.fi\/fi\/wp-json\/wp\/v2\/media?parent=7961"}],"wp:term":[{"taxonomy":"category","embeddable":true,"href":"https:\/\/lostinmusic.fi\/fi\/wp-json\/wp\/v2\/categories?post=7961"},{"taxonomy":"post_tag","embeddable":true,"href":"https:\/\/lostinmusic.fi\/fi\/wp-json\/wp\/v2\/tags?post=7961"}],"curies":[{"name":"wp","href":"https:\/\/api.w.org\/{rel}","templated":true}]}}